{"id":1867,"date":"2023-01-31T13:49:05","date_gmt":"2023-01-31T10:49:05","guid":{"rendered":"https:\/\/www.cocukpsikiyatricuneytozcan.com\/?p=1867"},"modified":"2023-03-21T12:08:46","modified_gmt":"2023-03-21T09:08:46","slug":"cocuklarda-konusma-ve-dil-bozukluklari","status":"publish","type":"post","link":"https:\/\/www.cocukpsikiyatricuneytozcan.com\/en\/cocuklarda-konusma-ve-dil-bozukluklari\/","title":{"rendered":"\u00c7ocuklarda Konu\u015fma ve Dil Bozukluklar\u0131"},"content":{"rendered":"\r\n<div id=\"ez-toc-container\" class=\"ez-toc-v2_0_78 counter-hierarchy ez-toc-counter ez-toc-light-blue ez-toc-container-direction\">\n<div class=\"ez-toc-title-container\">\n<p class=\"ez-toc-title\" style=\"cursor:inherit\">\u0130\u00e7indekiler<\/p>\n<span class=\"ez-toc-title-toggle\"><a href=\"#\" class=\"ez-toc-pull-right ez-toc-btn ez-toc-btn-xs ez-toc-btn-default ez-toc-toggle\" aria-label=\"Toggle Table of Content\"><span class=\"ez-toc-js-icon-con\"><span class=\"\"><span class=\"eztoc-hide\" style=\"display:none;\">Toggle<\/span><span class=\"ez-toc-icon-toggle-span\"><svg style=\"fill: #999;color:#999\" xmlns=\"http:\/\/www.w3.org\/2000\/svg\" class=\"list-377408\" width=\"20px\" height=\"20px\" viewBox=\"0 0 24 24\" fill=\"none\"><path d=\"M6 6H4v2h2V6zm14 0H8v2h12V6zM4 11h2v2H4v-2zm16 0H8v2h12v-2zM4 16h2v2H4v-2zm16 0H8v2h12v-2z\" fill=\"currentColor\"><\/path><\/svg><svg style=\"fill: #999;color:#999\" class=\"arrow-unsorted-368013\" xmlns=\"http:\/\/www.w3.org\/2000\/svg\" width=\"10px\" height=\"10px\" viewBox=\"0 0 24 24\" version=\"1.2\" baseProfile=\"tiny\"><path d=\"M18.2 9.3l-6.2-6.3-6.2 6.3c-.2.2-.3.4-.3.7s.1.5.3.7c.2.2.4.3.7.3h11c.3 0 .5-.1.7-.3.2-.2.3-.5.3-.7s-.1-.5-.3-.7zM5.8 14.7l6.2 6.3 6.2-6.3c.2-.2.3-.5.3-.7s-.1-.5-.3-.7c-.2-.2-.4-.3-.7-.3h-11c-.3 0-.5.1-.7.3-.2.2-.3.5-.3.7s.1.5.3.7z\"\/><\/svg><\/span><\/span><\/span><\/a><\/span><\/div>\n<nav><ul class='ez-toc-list ez-toc-list-level-1 eztoc-toggle-hide-by-default' ><li class='ez-toc-page-1 ez-toc-heading-level-2'><a class=\"ez-toc-link ez-toc-heading-1\" href=\"https:\/\/www.cocukpsikiyatricuneytozcan.com\/en\/cocuklarda-konusma-ve-dil-bozukluklari\/#Gec_Konusma_Nedir_Otizm_ile_Iliskisi_Nedir\" >Ge\u00e7 Konu\u015fma Nedir? Otizm ile \u0130li\u015fkisi Nedir?<\/a><\/li><li class='ez-toc-page-1 ez-toc-heading-level-2'><a class=\"ez-toc-link ez-toc-heading-2\" href=\"https:\/\/www.cocukpsikiyatricuneytozcan.com\/en\/cocuklarda-konusma-ve-dil-bozukluklari\/#Konusma_ve_Dil_Bozukluklarinda_Cocuk_ve_Ergenlere_Yonelik_Mudahaleler\" >Konu\u015fma ve Dil Bozukluklar\u0131nda \u00c7ocuk ve Ergenlere Y\u00f6nelik M\u00fcdahaleler<\/a><\/li><li class='ez-toc-page-1 ez-toc-heading-level-2'><a class=\"ez-toc-link ez-toc-heading-3\" href=\"https:\/\/www.cocukpsikiyatricuneytozcan.com\/en\/cocuklarda-konusma-ve-dil-bozukluklari\/#Cocuklarda_Konusma_ve_Dil_Bozukluklarinda_Ebeveynlerin_Rolu\" >\u00c7ocuklarda Konu\u015fma ve Dil Bozukluklar\u0131nda Ebeveynlerin Rol\u00fc<\/a><\/li><li class='ez-toc-page-1 ez-toc-heading-level-2'><a class=\"ez-toc-link ez-toc-heading-4\" href=\"https:\/\/www.cocukpsikiyatricuneytozcan.com\/en\/cocuklarda-konusma-ve-dil-bozukluklari\/#Cocuklarda_Konusma_ve_Dil_Bozukluklari_Tedavisi\" >\u00c7ocuklarda Konu\u015fma ve Dil Bozukluklar\u0131 Tedavisi<\/a><\/li><li class='ez-toc-page-1 ez-toc-heading-level-2'><a class=\"ez-toc-link ez-toc-heading-5\" href=\"https:\/\/www.cocukpsikiyatricuneytozcan.com\/en\/cocuklarda-konusma-ve-dil-bozukluklari\/#Cocuklarda_Konusma_ve_Dil_Bozukluklari_Sik_Sorulan_Sorular\" >\u00c7ocuklarda Konu\u015fma ve Dil Bozukluklar\u0131 S\u0131k Sorulan Sorular<\/a><ul class='ez-toc-list-level-3' ><li class='ez-toc-heading-level-3'><a class=\"ez-toc-link ez-toc-heading-6\" href=\"https:\/\/www.cocukpsikiyatricuneytozcan.com\/en\/cocuklarda-konusma-ve-dil-bozukluklari\/#Konusma_ve_Dil_Bozuklugu_Cesitleri_Nelerdir\" >Konu\u015fma ve Dil Bozuklu\u011fu \u00c7e\u015fitleri Nelerdir?<\/a><\/li><li class='ez-toc-page-1 ez-toc-heading-level-3'><a class=\"ez-toc-link ez-toc-heading-7\" href=\"https:\/\/www.cocukpsikiyatricuneytozcan.com\/en\/cocuklarda-konusma-ve-dil-bozukluklari\/#Dil_ve_konusma_bozuklugu_nasil_anlasilmaktadir\" >Dil ve konu\u015fma bozuklu\u011fu nas\u0131l anla\u015f\u0131lmaktad\u0131r?<\/a><\/li><li class='ez-toc-page-1 ez-toc-heading-level-3'><a class=\"ez-toc-link ez-toc-heading-8\" href=\"https:\/\/www.cocukpsikiyatricuneytozcan.com\/en\/cocuklarda-konusma-ve-dil-bozukluklari\/#Konusma_ve_dil_bozukluklarinin_sebepleri_nelerdir\" >Konu\u015fma ve dil bozukluklar\u0131n\u0131n sebepleri nelerdir?<\/a><\/li><li class='ez-toc-page-1 ez-toc-heading-level-3'><a class=\"ez-toc-link ez-toc-heading-9\" href=\"https:\/\/www.cocukpsikiyatricuneytozcan.com\/en\/cocuklarda-konusma-ve-dil-bozukluklari\/#Dil_ve_konusma_bozuklugu_nasil_duzeltilebilir\" >Dil ve konu\u015fma bozuklu\u011fu nas\u0131l d\u00fczeltilebilir?<\/a><\/li><li class='ez-toc-page-1 ez-toc-heading-level-3'><a class=\"ez-toc-link ez-toc-heading-10\" href=\"https:\/\/www.cocukpsikiyatricuneytozcan.com\/en\/cocuklarda-konusma-ve-dil-bozukluklari\/#Konusma_bozuklugu_hangi_hastaligin_belirtisi\" >Konu\u015fma bozuklu\u011fu hangi hastal\u0131\u011f\u0131n belirtisi?<\/a><\/li><\/ul><\/li><\/ul><\/nav><\/div>\n\r\n<p>\u00c7ocuklar, 12. ay ile 18. ay aras\u0131nda ilk kelimelerini s\u00f6ylemeye ba\u015flarlar. Bu d\u00f6nemde yakla\u015f\u0131k olarak 10 ile 50 kelime aras\u0131nda \u00e7\u0131kartabilirler. 2 ya\u015f\u0131na geldiklerinde \u00e7ocuklardan yava\u015f yava\u015f c\u00fcmle kurmalar\u0131 beklenir ve 3 ya\u015f itibariyle de 3-5 kelimelik c\u00fcmleler kurabilirler. \u00c7ocuklarda konu\u015fma ve dil bozukluklar\u0131 bu a\u015famalarda kendini g\u00f6sterebilir. \u00a0Ebeveynlerin \u00e7ocuklar\u0131n\u0131n b\u00fcy\u00fcme ve geli\u015fme a\u015famas\u0131nda ilk bekledikleri durumlardan biri de \u00e7ocuklar\u0131n\u0131n konu\u015fma becerilerinin geli\u015fmesidir.<\/p>\r\n<p>\u00c7ocu\u011fun dil geli\u015fim becerilerinin ya\u015f\u0131tlar\u0131ndan geride olmas\u0131 bir hastal\u0131k belirtisi olabilir. Konu\u015fma gecikmesinin sebepleri aras\u0131nda zeka gerili\u011fi, i\u015fitme kayb\u0131, uyaran eksikli\u011fi, otizm, ev ortam\u0131nda iki farkl\u0131 dilin konu\u015fulmas\u0131, geli\u015fimsel dil gecikmesi say\u0131labilir.\u00a0<\/p>\r\n<p>Ev ortam\u0131nda ailenin ilgisi ile de son derece alakal\u0131 olan \u00e7ocuklar\u0131n\u0131n konu\u015fma becerileri ve sosyalle\u015fme durumlar\u0131 olduk\u00e7a \u00f6nemli bir geli\u015fmedir. \u00c7ocuklar\u0131n ileti\u015fimi do\u011fumda hatta anne karn\u0131nda ba\u015flar. Anne karn\u0131ndayken bile son g\u00fcnlerinde \u00e7ocukla konu\u015fmak sizi anlad\u0131\u011f\u0131n\u0131 ve hissetti\u011fini sesinizi tan\u0131maya ba\u015flad\u0131\u011f\u0131n\u0131 bilmek onun geli\u015fimi a\u00e7\u0131s\u0131ndan b\u00fcy\u00fck bir ilgidir.<\/p>\r\n<p>\u00c7ocu\u011fun konu\u015fmas\u0131n\u0131n gecikmesinde ciddi bir problem yoksa ebeveynlerin onunla ilgisi ve alakas\u0131, oyun saatleri, kitap okuma saatleri ve onunla ilgilenilmesi konu\u015fma becerilerinin \u00e7ok \u00e7abuk geli\u015fmesinde b\u00fcy\u00fck rol oynamaktad\u0131r.<\/p>\r\n<h2><span class=\"ez-toc-section\" id=\"Gec_Konusma_Nedir_Otizm_ile_Iliskisi_Nedir\"><\/span><strong>Ge\u00e7 Konu\u015fma Nedir? Otizm ile \u0130li\u015fkisi Nedir?<\/strong><span class=\"ez-toc-section-end\"><\/span><\/h2>\r\n<p>Ge\u00e7 konu\u015fma; dil ve konu\u015fma geli\u015fimi s\u0131ras\u0131nda \u00e7ocuklar\u0131n becerilerinin uygun ya\u015f aral\u0131\u011f\u0131nda geli\u015fmemesinden kaynaklanan bir durumdur. Bu durum genellikle 18-30 ay aral\u0131\u011f\u0131ndaki k\u00fc\u00e7\u00fck \u00e7ocuklarda g\u00f6zlenir. \u00c7ocuklar\u0131n, bir\u00e7ok beceri, davran\u0131\u015f ve hareketleri a\u00e7\u0131s\u0131ndan ya\u015f d\u00f6nemine uygun baz\u0131 becerileri geli\u015fmi\u015ftir.<\/p>\r\n<p>\u00c7ocuklar etraf\u0131nda olan herkesi anlamas\u0131na, t\u00fcm konu\u015fmalar\u0131 alg\u0131lamas\u0131na ra\u011fmen (al\u0131c\u0131 dil) kelime da\u011farc\u0131\u011f\u0131 ve konu\u015fma becerisi (ifade edici dil)\u00a0ya\u015f\u0131yla uyumlu de\u011fildir. Belirli bir etken ise ailede ge\u00e7 konu\u015fan bir ebeveynin olmas\u0131d\u0131r, erkek \u00e7ocuklarda daha s\u0131k rastlanmaktad\u0131r. Erken do\u011fum ve normal a\u011f\u0131rl\u0131\u011f\u0131n alt\u0131nda do\u011fumlarda da g\u00f6zlenebilmektedir.<\/p>\r\n<p>Ge\u00e7 konu\u015fma ve \u00a0otizm aras\u0131ndaki en \u00f6nemli noktalar, otizmde de dil ve konu\u015fma becerisinin ge\u00e7 kazan\u0131m\u0131 ya da hi\u00e7 kazan\u0131lmad\u0131\u011f\u0131 olgular s\u00f6z konusudur. Konu\u015fma gecikmesi otizmli \u00e7ocuklarda da g\u00f6r\u00fclebilen bir durumdur. Konu\u015fma ve dil bozukluklar\u0131 ve otizm spektrum bozuklu\u011fu birbirlerine g\u00f6re farkl\u0131 durumlar olsa da tamamen birbirlerinden ba\u011f\u0131ms\u0131z ve alakas\u0131z de\u011fillerdir. \u00c7\u00fcnk\u00fc dil gecikmesi \u00e7ocuklarda, otizmin en \u00f6nemli etkenlerinden biridir. Yani \u00e7ocu\u011funuzun dil becerileri geli\u015fim g\u00f6steremiyorsa bunun bir\u00e7ok farkl\u0131 sebebi olaca\u011f\u0131 gibi bu durum bir otizm g\u00f6stergesi de olabilir.<\/p>\r\n<h2><span class=\"ez-toc-section\" id=\"Konusma_ve_Dil_Bozukluklarinda_Cocuk_ve_Ergenlere_Yonelik_Mudahaleler\"><\/span><strong>Konu\u015fma ve Dil Bozukluklar\u0131nda \u00c7ocuk ve Ergenlere Y\u00f6nelik M\u00fcdahaleler<\/strong><span class=\"ez-toc-section-end\"><\/span><\/h2>\r\n<p>Dil ve konu\u015fma bozuklu\u011funda; te\u015fhis edilen bir durumda, \u00e7ocu\u011fun ya\u015f\u0131 ile orant\u0131l\u0131 bu duruma uygulanacak m\u00fcdahale ve terapi tekni\u011fi de farkl\u0131la\u015fmaktad\u0131r. Genel bir de\u011ferlendirme sonucunda sorun alan\u0131 belirlenir ve uygun tedavi yolu denenmeye ba\u015flan\u0131r. Genellikle ba\u015fvurular, hastanelerin kulak burun bo\u011faz b\u00f6l\u00fcm\u00fcnden yap\u0131l\u0131r; daha kapsaml\u0131 bir de\u011ferlendirme i\u00e7in \u00e7ocuklara i\u015fitme testi, zeka testi, psikolojik testler uygulan\u0131r.<\/p>\r\n<p>Tedavi y\u00f6nteminde, \u00e7ocu\u011fun ihtiyac\u0131na g\u00f6re uygun bir tedavi program\u0131 haz\u0131rlanmaktad\u0131r. Konu\u015fma ve dil bozuklu\u011fu tedavisinde, fiziksel bir engel varsa gerekli m\u00fcdahaleler yap\u0131l\u0131r ve bu engellerin ortadan kald\u0131r\u0131lmas\u0131 ama\u00e7lan\u0131r. Ayn\u0131 zamanda bu rahats\u0131zl\u0131\u011f\u0131 destekleyecek birtak\u0131m terapi ve \u00e7al\u0131\u015fmalar da uygulanmaktad\u0131r.<\/p>\r\n<h2><span class=\"ez-toc-section\" id=\"Cocuklarda_Konusma_ve_Dil_Bozukluklarinda_Ebeveynlerin_Rolu\"><\/span><strong>\u00c7ocuklarda Konu\u015fma ve Dil Bozukluklar\u0131nda Ebeveynlerin Rol\u00fc<\/strong><span class=\"ez-toc-section-end\"><\/span><\/h2>\r\n<p>Anne ve babalar veya bak\u0131c\u0131lar, bir \u00e7ocu\u011fun b\u00fcy\u00fcme ve geli\u015fmesi y\u0131llar\u0131nda en b\u00fcy\u00fck ve ilk \u00f6\u011fretmenleridir. \u00c7ocuklar dili en ba\u015fta evde konu\u015fanlardan onlar\u0131 dinleyerek ve pratik yaparak \u00f6\u011frenirler. Bebekken bile kendilerinin d\u0131\u015f\u0131nda ses \u00e7\u0131karanlar\u0131 fark ederler ve onlara tepki verirler.<\/p>\r\n<p>\u00c7ocuklar\u0131n dil ve beyin becerileri bir\u00e7ok farkl\u0131 konu\u015fma, kelime ve ses duyduklar\u0131nda g\u00fc\u00e7lenmeye ba\u015flar. Konu\u015fma bozukluklar\u0131, ileti\u015fim g\u00fc\u00e7l\u00fc\u011f\u00fc nedeniyle sosyal etkile\u015fimlerde zorluklara yol a\u00e7abilir. Anne ve babalar \u00e7ocuklar\u0131n\u0131n de\u011fi\u015fken durumlarla \u00f6\u011frenmelerine destek olurlar. Bunlardan baz\u0131lar\u0131 \u015fu \u015fekildedir:<\/p>\r\n<ul>\r\n<li>Bebe\u011finizin \u00e7\u0131kard\u0131\u011f\u0131 ilk seslere, \u00f6ks\u00fcrme ve hap\u015f\u0131rmalara hatta jestlerine bile tepki vermek.<\/li>\r\n<li>\u00c7ocu\u011funuz ilk kelimelerini \u00e7\u0131karmaya ba\u015flad\u0131\u011f\u0131nda onun s\u00f6ylediklerini tekrarlamak ve ona eklemeler yaparak c\u00fcmleler kurmak.<\/li>\r\n<li>\u00c7ocuklara sorular sormak ve onlar\u0131 dinlemek<\/li>\r\n<li>Hikayeler anlatmak, kitap okumak<\/li>\r\n<li>\u015eark\u0131lar s\u00f6ylemek<\/li>\r\n<li>Onlara konu\u015fmaya ba\u015flad\u0131klar\u0131 d\u00f6nemlerde bile baz\u0131 durumlar\u0131 konu\u015farak anlatmaya \u00e7al\u0131\u015fmak<\/li>\r\n<li>Bilgilendirici ve zeka geli\u015ftirici oyunlar ile onlarla sohbet ederek aktivetelerde bulunmak<\/li>\r\n<\/ul>\r\n<h2><span class=\"ez-toc-section\" id=\"Cocuklarda_Konusma_ve_Dil_Bozukluklari_Tedavisi\"><\/span><strong>\u00c7ocuklarda Konu\u015fma ve Dil Bozukluklar\u0131 Tedavisi <\/strong><span class=\"ez-toc-section-end\"><\/span><\/h2>\r\n<p>\u00c7ocuklar, konu\u015fma ve dil bozukluklar\u0131n\u0131n hafif olan d\u00fczeyde atlatabilirler. Tedavi s\u00fcreci veya tipi, \u00e7ocuklarda konu\u015fma bozuklu\u011funun ciddiyetine ve nedenine ba\u011fl\u0131 olarak de\u011fi\u015fmektedir. Konu\u015fma terapisi tedavisi, \u015fiddetli semptomlarda veya d\u00fczelmeyen konu\u015fma problemlerinde yard\u0131mc\u0131 olur.<\/p>\r\n<p>Terapi seanslar\u0131nda terapistler, \u00e7ocu\u011funuza belirli sesleri \u00e7\u0131karmas\u0131na yard\u0131mc\u0131 olarak dili nas\u0131l kullanaca\u011f\u0131n\u0131 \u00f6\u011freterek ba\u015flar. E\u011fer \u00e7ocukta konu\u015fma bozuklu\u011fu te\u015fhis edilirse terapist, anne-babalardan \u015funlar\u0131 isteyebilir:<\/p>\r\n<ul>\r\n<li>\u00c7ocu\u011funuzda konu\u015fma ve dil bozuklu\u011fu te\u015fhis edildi\u011finde \u00f6ncelikle b\u00fcy\u00fck endi\u015feler duymaktan ka\u00e7\u0131nmal\u0131 ve sakin olmal\u0131s\u0131n\u0131z. \u00c7\u00fck\u00fc \u00e7ocuklar sizin endi\u015fenizi hissetti\u011finizde s\u00fcre\u00e7 \u00e7ok daha uzun ve olumsuz ilerleyebilir.<\/li>\r\n<li>Stresten uzak durmal\u0131 ev ortam\u0131nda \u00e7ocu\u011fu strese sokacak herhangi bir davran\u0131\u015f, tart\u0131\u015fma veya duygulardan uzak durmal\u0131s\u0131n\u0131z.<\/li>\r\n<li>\u00c7ocuklar\u0131n\u0131zla ileti\u015fim kurarken onlar\u0131 b\u00fcy\u00fck bir sab\u0131rla dinleyerek konu\u015furken mutlaka g\u00f6z temas\u0131 kurmaya \u00f6zen g\u00f6sterin, s\u00f6z\u00fcn\u00fc kesmeyin ve sevgi ile onunla ileti\u015fim kurmaya \u00e7al\u0131\u015f\u0131n.<\/li>\r\n<li>\u00c7ocu\u011funuzla g\u00fcnl\u00fck rutin konu\u015fmalar d\u0131\u015f\u0131nda ona zaman ay\u0131rarak herhangi bir konu belirleyip sohbet etmeye \u00e7al\u0131\u015f\u0131n. M\u00fcmk\u00fcnse bunu baba ile birlikte ailece ger\u00e7ekle\u015ftirin.<\/li>\r\n<\/ul>\r\n<p><strong>\u0130lginizi \u00c7ekebilir: <span style=\"color: #ff0000;\"><a style=\"color: #ff0000;\" href=\"https:\/\/www.cocukpsikiyatricuneytozcan.com\/dikkat-eksikligi-ve-hiperaktivite-bozuklugu\/\">\u00c7ocuklarda Dikkat Eksikli\u011fi ve Hiperaktivite Bozuklu\u011fu<\/a><\/span><\/strong><\/p>\r\n\t\t<div class=\"wp-faq-schema-wrap\">\n\t\t\t\t\t\t\t<h2><span class=\"ez-toc-section\" id=\"Cocuklarda_Konusma_ve_Dil_Bozukluklari_Sik_Sorulan_Sorular\"><\/span>\u00c7ocuklarda Konu\u015fma ve Dil Bozukluklar\u0131 S\u0131k Sorulan Sorular<span class=\"ez-toc-section-end\"><\/span><\/h2>\n\t\t\t\t\t\t<div class=\"wp-faq-schema-items\">\n\t\t\t\t\t\t\t\t\t<h3><span class=\"ez-toc-section\" id=\"Konusma_ve_Dil_Bozuklugu_Cesitleri_Nelerdir\"><\/span>Konu\u015fma ve Dil Bozuklu\u011fu \u00c7e\u015fitleri Nelerdir?<span class=\"ez-toc-section-end\"><\/span><\/h3>\n\t\t\t\t\t<div class=\"\">\n\t\t\t\t\t\t<p>Artik\u00fclasyon bozuklu\u011fu, yutma bozuklu\u011fu, ak\u0131c\u0131 konu\u015fma bozuklu\u011fu, geli\u015fimsel dil bozukluklar\u0131, kekemelik, ses bozukluklar\u0131, edinilmi\u015f dil bozukluklar\u0131 (Afazi), motor konu\u015fma bozukluklar\u0131 gibi bir\u00e7ok \u00e7e\u015fidi bulunmaktad\u0131r. <\/p>\n\t\t\t\t\t<\/div>\n\t\t\t\t\t\t\t\t\t<h3><span class=\"ez-toc-section\" id=\"Dil_ve_konusma_bozuklugu_nasil_anlasilmaktadir\"><\/span>Dil ve konu\u015fma bozuklu\u011fu nas\u0131l anla\u015f\u0131lmaktad\u0131r?<span class=\"ez-toc-section-end\"><\/span><\/h3>\n\t\t\t\t\t<div class=\"\">\n\t\t\t\t\t\t<p>Bu bireyler kar\u015f\u0131s\u0131ndaki ki\u015fileri anl\u0131yor fakat d\u00fc\u015f\u00fcncelerini anla\u015f\u0131l\u0131r \u015fekilde ifade etmekte zorlan\u0131yor ise bu durum dil bozuklu\u011funa i\u015farettir. Bireyler sesleri net bir \u015fekilde ifade edemiyor, ses d\u00fczeyinde s\u0131k\u0131nt\u0131s\u0131 var ise bu durum kekemelik olarak ta tan\u0131mlanan konu\u015fma bozuklu\u011funa i\u015faret eder. <\/p>\n\t\t\t\t\t<\/div>\n\t\t\t\t\t\t\t\t\t<h3><span class=\"ez-toc-section\" id=\"Konusma_ve_dil_bozukluklarinin_sebepleri_nelerdir\"><\/span>Konu\u015fma ve dil bozukluklar\u0131n\u0131n sebepleri nelerdir?<span class=\"ez-toc-section-end\"><\/span><\/h3>\n\t\t\t\t\t<div class=\"\">\n\t\t\t\t\t\t<p>Konu\u015fma bozuklu\u011funun bir\u00e7ok nedeni olabilir. Baz\u0131 nedenler; beyin t\u00fcm\u00f6r\u00fc, kafa travmas\u0131, alzheimer, demans, alkol ba\u011f\u0131ml\u0131l\u0131\u011f\u0131, inme, s\u0131k\u0131 veya gev\u015fek tak\u0131lan takma di\u015fler, ses tellerinde polip, ses kanseri, sesin hatal\u0131 kullan\u0131m\u0131, kafeinli i\u00e7ecekler ve antidepresan ila\u00e7lar yer almaktad\u0131r. <\/p>\n\t\t\t\t\t<\/div>\n\t\t\t\t\t\t\t\t\t<h3><span class=\"ez-toc-section\" id=\"Dil_ve_konusma_bozuklugu_nasil_duzeltilebilir\"><\/span>Dil ve konu\u015fma bozuklu\u011fu nas\u0131l d\u00fczeltilebilir?<span class=\"ez-toc-section-end\"><\/span><\/h3>\n\t\t\t\t\t<div class=\"\">\n\t\t\t\t\t\t<p>Fiziksel sebepler operasyonlar ila\u00e7 tedavileri ve egzersizler ile \u00e7\u00f6z\u00fcmlenebilirler. Fakat ak\u0131c\u0131 konu\u015fma bozuklu\u011fu, fiziki a\u00e7\u0131dan bir sorun olmad\u0131\u011f\u0131 halde kelimeleri d\u00fczg\u00fcn \u00e7\u0131karamama gibi konu\u015fma bozukluklar\u0131 ise sadece uzman yard\u0131m\u0131yla egzersizler ve dersler arac\u0131l\u0131\u011f\u0131yla \u00e7\u00f6z\u00fcmlenebilmektedir. <\/p>\n\t\t\t\t\t<\/div>\n\t\t\t\t\t\t\t\t\t<h3><span class=\"ez-toc-section\" id=\"Konusma_bozuklugu_hangi_hastaligin_belirtisi\"><\/span>Konu\u015fma bozuklu\u011fu hangi hastal\u0131\u011f\u0131n belirtisi?<span class=\"ez-toc-section-end\"><\/span><\/h3>\n\t\t\t\t\t<div class=\"\">\n\t\t\t\t\t\t<p>Konu\u015fmada g\u00f6rev alan yap\u0131lardaki bozukluklar, yar\u0131k damak, di\u015f problemleri, n\u00f6rolojik problemler, i\u015fitme kayb\u0131 gibi fiziksel sebeplerle birlikte, serebral palsi, zihinsel yetersizlik, otizm spektrum bozukluklar\u0131, down sendromu gibi geli\u015fimsel ve genetik bozukluklar da dil ve konu\u015fma bozukluklar\u0131na yol a\u00e7abilmektedir. <\/p>\n\t\t\t\t\t<\/div>\n\t\t\t\t\t\t\t<\/div>\n\t\t<\/div>\n\t\t\r\n<div style='text-align:center' class='yasr-auto-insert-visitor'><\/div>","protected":false},"excerpt":{"rendered":"<p>\u00c7ocuklar, 12. ay ile 18. ay aras\u0131nda ilk kelimelerini s\u00f6ylemeye ba\u015flarlar. Bu d\u00f6nemde yakla\u015f\u0131k olarak 10 ile 50 kelime aras\u0131nda &#8230; <a class=\"cz_readmore\" href=\"https:\/\/www.cocukpsikiyatricuneytozcan.com\/en\/cocuklarda-konusma-ve-dil-bozukluklari\/\"><i class=\"fa fa-sign-out\" aria-hidden=\"true\"><\/i><span>Devam\u0131n\u0131 Oku.<\/span><\/a><\/p>\n","protected":false},"author":3,"featured_media":1869,"comment_status":"open","ping_status":"open","sticky":false,"template":"","format":"standard","meta":{"yasr_overall_rating":0,"yasr_post_is_review":"","yasr_auto_insert_disabled":"","yasr_review_type":"","footnotes":""},"categories":[89],"tags":[],"class_list":["post-1867","post","type-post","status-publish","format-standard","has-post-thumbnail","hentry","category-psikolog"],"yasr_visitor_votes":{"stars_attributes":{"read_only":false,"span_bottom":false},"number_of_votes":0,"sum_votes":0},"_links":{"self":[{"href":"https:\/\/www.cocukpsikiyatricuneytozcan.com\/en\/wp-json\/wp\/v2\/posts\/1867","targetHints":{"allow":["GET"]}}],"collection":[{"href":"https:\/\/www.cocukpsikiyatricuneytozcan.com\/en\/wp-json\/wp\/v2\/posts"}],"about":[{"href":"https:\/\/www.cocukpsikiyatricuneytozcan.com\/en\/wp-json\/wp\/v2\/types\/post"}],"author":[{"embeddable":true,"href":"https:\/\/www.cocukpsikiyatricuneytozcan.com\/en\/wp-json\/wp\/v2\/users\/3"}],"replies":[{"embeddable":true,"href":"https:\/\/www.cocukpsikiyatricuneytozcan.com\/en\/wp-json\/wp\/v2\/comments?post=1867"}],"version-history":[{"count":0,"href":"https:\/\/www.cocukpsikiyatricuneytozcan.com\/en\/wp-json\/wp\/v2\/posts\/1867\/revisions"}],"wp:featuredmedia":[{"embeddable":true,"href":"https:\/\/www.cocukpsikiyatricuneytozcan.com\/en\/wp-json\/wp\/v2\/media\/1869"}],"wp:attachment":[{"href":"https:\/\/www.cocukpsikiyatricuneytozcan.com\/en\/wp-json\/wp\/v2\/media?parent=1867"}],"wp:term":[{"taxonomy":"category","embeddable":true,"href":"https:\/\/www.cocukpsikiyatricuneytozcan.com\/en\/wp-json\/wp\/v2\/categories?post=1867"},{"taxonomy":"post_tag","embeddable":true,"href":"https:\/\/www.cocukpsikiyatricuneytozcan.com\/en\/wp-json\/wp\/v2\/tags?post=1867"}],"curies":[{"name":"wp","href":"https:\/\/api.w.org\/{rel}","templated":true}]}}